{"id":2693,"date":"2022-08-21T14:24:30","date_gmt":"2022-08-21T17:24:30","guid":{"rendered":"https:\/\/herramientasparalasalud.com\/home\/?p=2693"},"modified":"2025-10-22T14:25:22","modified_gmt":"2025-10-22T17:25:22","slug":"texto-por-que-nos-cuesta-tanto-parar","status":"publish","type":"post","link":"https:\/\/herramientasparalasalud.com\/home\/texto-por-que-nos-cuesta-tanto-parar\/","title":{"rendered":"Texto: \u00bfPor qu\u00e9 nos cuesta tanto Parar?"},"content":{"rendered":"<p><a href=\"http:\/\/herramientasparalasalud.com\/wp-content\/uploads\/2025\/10\/Gemini_Generated_Image_vfbjxvvfbjxvvfbj.png\"><img loading=\"lazy\" decoding=\"async\" class=\"aligncenter wp-image-2694\" src=\"http:\/\/herramientasparalasalud.com\/wp-content\/uploads\/2025\/10\/Gemini_Generated_Image_vfbjxvvfbjxvvfbj-300x300.png\" alt=\"\" width=\"800\" height=\"800\" srcset=\"https:\/\/herramientasparalasalud.com\/wp-content\/uploads\/2025\/10\/Gemini_Generated_Image_vfbjxvvfbjxvvfbj-300x300.png 300w, https:\/\/herramientasparalasalud.com\/wp-content\/uploads\/2025\/10\/Gemini_Generated_Image_vfbjxvvfbjxvvfbj-150x150.png 150w, https:\/\/herramientasparalasalud.com\/wp-content\/uploads\/2025\/10\/Gemini_Generated_Image_vfbjxvvfbjxvvfbj-768x768.png 768w, https:\/\/herramientasparalasalud.com\/wp-content\/uploads\/2025\/10\/Gemini_Generated_Image_vfbjxvvfbjxvvfbj.png 1024w\" sizes=\"(max-width: 800px) 100vw, 800px\" \/><\/a><\/p>\n<p><span style=\"font-family: 'trebuchet ms', geneva, sans-serif; font-size: 18pt;\">\u00bfPor qu\u00e9 nos cuesta tanto parar, salir de la vor\u00e1gine habitual y practicar la presencia?<\/span><\/p>\n<p><span style=\"font-family: 'trebuchet ms', geneva, sans-serif; font-size: 18pt;\"> *Parar* es tener fe en que aunque ahora s\u00f3lo quiera distraerme, si me quedo&#8230; si le hago espacio a esta incomodidad y la siento&#8230; cambiar\u00e1\u2026 Volver\u00e9 a estar bien. *Parar* es creer que se puede estar mejor\u2026<\/span><\/p>\n<p><span style=\"font-family: 'trebuchet ms', geneva, sans-serif; font-size: 18pt;\"> *Parar* es animarme a renunciar por un instante a las mil formas de evasi\u00f3n\u2026 *Parar* es detenerme a recordar lo que de verdad importa.<\/span><\/p>\n<p><span style=\"font-family: 'trebuchet ms', geneva, sans-serif; font-size: 18pt;\"> *Parar* es decir No al automatismo, No a vivir desconectado, No a \u201cirla llevando\u201d, No a \u201csafar\u201d\u2026 *Parar* es conjugar mi verdad, \u00a0 aunque duela, aunque d\u00e9 miedo, aunque no sepa o no est\u00e9 seguro&#8230;<\/span><br \/>\n<span style=\"font-family: 'trebuchet ms', geneva, sans-serif; font-size: 18pt;\">*Parar* es decir No a no parar, a seguir saltando al siguiente momento, a vivir sin vivir,\u00a0 sin sentir,\u00a0 sin sufrir, sin disfrutar\u2026<\/span><\/p>\n<p><span style=\"font-family: 'trebuchet ms', geneva, sans-serif; font-size: 18pt;\"> *Parar* es abrazarme ahora incondicionalmente\u2026 As\u00ed como estoy, a medio camino, hecho un desastre&#8230; *Parar* es verme herido e ir a mi rescate\u2026 *Parar* es serme fiel.<\/span><\/p>\n<p><span style=\"font-family: 'trebuchet ms', geneva, sans-serif; font-size: 18pt;\"> *Parar* es contemplar la muerte en este instante irrepetible que pas\u00f3\u2026 Y permanecer abierto mir\u00e1ndola de frente, con asombro, respeto y coraje\u2026 sin voltear la mirada\u2026 *Parar* es reclamar este momento para vivirlo plenamente.<\/span><\/p>\n<p><span style=\"font-family: 'trebuchet ms', geneva, sans-serif; font-size: 18pt;\"> *Parar* es darme cuenta que el tiempo es preciado. *Parar* es toparme con la pregunta: \u201c\u00bfQu\u00e9 estoy haciendo con mi tiempo?\u201d&#8230; y atreverme a habitar la respuesta.<\/span><br \/>\n<span style=\"font-family: 'trebuchet ms', geneva, sans-serif; font-size: 18pt;\">*Parar* es tomar la vida en serio, hacerme cargo.<\/span><\/p>\n<p><span style=\"font-family: 'trebuchet ms', geneva, sans-serif; font-size: 18pt;\"> *Parar* es reencontrarme\u2026 Es darme cuenta que no importa cu\u00e1nto ruido, cuanto desorden\u2026 nunca me he perdido en verdad\u2026 Siempre he estado aqu\u00ed\u2026 cerca\u2026 intacto\u2026 esperando apacible en el silencio. \u200d\u2642\ufe0f<\/span><\/p>\n<p><span style=\"font-family: 'trebuchet ms', geneva, sans-serif; font-size: 18pt;\">*- Carlos Cabrera*<\/span><\/p>\n","protected":false},"excerpt":{"rendered":"<p>\u00bfPor qu\u00e9 nos cuesta tanto parar, salir de la vor\u00e1gine habitual y practicar la presencia? *Parar* es tener fe en que aunque ahora s\u00f3lo quiera distraerme, si me quedo&#8230; si le hago espacio a esta incomodidad y la siento&#8230; cambiar\u00e1\u2026 Volver\u00e9 a estar bien. *Parar* es creer que se puede [&hellip;]<\/p>\n","protected":false},"author":1,"featured_media":2694,"comment_status":"closed","ping_status":"closed","sticky":false,"template":"","format":"standard","meta":{"footnotes":""},"categories":[2],"tags":[],"class_list":["post-2693","post","type-post","status-publish","format-standard","has-post-thumbnail","hentry","category-publicaciones"],"_links":{"self":[{"href":"https:\/\/herramientasparalasalud.com\/home\/wp-json\/wp\/v2\/posts\/2693"}],"collection":[{"href":"https:\/\/herramientasparalasalud.com\/home\/wp-json\/wp\/v2\/posts"}],"about":[{"href":"https:\/\/herramientasparalasalud.com\/home\/wp-json\/wp\/v2\/types\/post"}],"author":[{"embeddable":true,"href":"https:\/\/herramientasparalasalud.com\/home\/wp-json\/wp\/v2\/users\/1"}],"replies":[{"embeddable":true,"href":"https:\/\/herramientasparalasalud.com\/home\/wp-json\/wp\/v2\/comments?post=2693"}],"version-history":[{"count":1,"href":"https:\/\/herramientasparalasalud.com\/home\/wp-json\/wp\/v2\/posts\/2693\/revisions"}],"predecessor-version":[{"id":2695,"href":"https:\/\/herramientasparalasalud.com\/home\/wp-json\/wp\/v2\/posts\/2693\/revisions\/2695"}],"wp:featuredmedia":[{"embeddable":true,"href":"https:\/\/herramientasparalasalud.com\/home\/wp-json\/wp\/v2\/media\/2694"}],"wp:attachment":[{"href":"https:\/\/herramientasparalasalud.com\/home\/wp-json\/wp\/v2\/media?parent=2693"}],"wp:term":[{"taxonomy":"category","embeddable":true,"href":"https:\/\/herramientasparalasalud.com\/home\/wp-json\/wp\/v2\/categories?post=2693"},{"taxonomy":"post_tag","embeddable":true,"href":"https:\/\/herramientasparalasalud.com\/home\/wp-json\/wp\/v2\/tags?post=2693"}],"curies":[{"name":"wp","href":"https:\/\/api.w.org\/{rel}","templated":true}]}}