{"id":2229,"date":"2022-08-21T00:03:19","date_gmt":"2022-08-21T03:03:19","guid":{"rendered":"https:\/\/herramientasparalasalud.com\/home\/?p=2229"},"modified":"2025-05-01T12:36:37","modified_gmt":"2025-05-01T15:36:37","slug":"la-metafora-del-dragon","status":"publish","type":"post","link":"https:\/\/herramientasparalasalud.com\/home\/la-metafora-del-dragon\/","title":{"rendered":"Art\u00edculo: La met\u00e1fora del drag\u00f3n"},"content":{"rendered":"<p><a href=\"https:\/\/herramientasparalasalud.com\/wp-content\/uploads\/2022\/08\/lineas-theartofanimation-molly-gur-148629549684nkg-770x1405-1.jpg\"><img loading=\"lazy\" decoding=\"async\" class=\"size-full wp-image-2230 aligncenter\" src=\"https:\/\/herramientasparalasalud.com\/wp-content\/uploads\/2022\/08\/lineas-theartofanimation-molly-gur-148629549684nkg-770x1405-1.jpg\" alt=\"\" width=\"770\" height=\"1405\" srcset=\"https:\/\/herramientasparalasalud.com\/wp-content\/uploads\/2022\/08\/lineas-theartofanimation-molly-gur-148629549684nkg-770x1405-1.jpg 770w, https:\/\/herramientasparalasalud.com\/wp-content\/uploads\/2022\/08\/lineas-theartofanimation-molly-gur-148629549684nkg-770x1405-1-164x300.jpg 164w, https:\/\/herramientasparalasalud.com\/wp-content\/uploads\/2022\/08\/lineas-theartofanimation-molly-gur-148629549684nkg-770x1405-1-561x1024.jpg 561w, https:\/\/herramientasparalasalud.com\/wp-content\/uploads\/2022\/08\/lineas-theartofanimation-molly-gur-148629549684nkg-770x1405-1-768x1401.jpg 768w\" sizes=\"(max-width: 770px) 100vw, 770px\" \/><\/a><\/p>\n<p><span style=\"font-family: 'trebuchet ms', geneva, sans-serif; font-size: 18pt;\">Esta bella ilustraci\u00f3n de Molly Gur que adorna una pared de mi consultorio, muestra un aspecto central del proceso terap\u00e9utico desde este enfoque.<\/span><\/p>\n<p><span style=\"font-family: 'trebuchet ms', geneva, sans-serif; font-size: 18pt;\">En Somatic Experiencing (terapia del estr\u00e9s pos-traum\u00e1tico desarrollada por Peter Levine) hablamos metaf\u00f3ricamente de nuestro \u201cdrag\u00f3n\u201d como aquella energ\u00eda de supervivencia o activaci\u00f3n nerviosa que, podr\u00edamos decir, \u00abacumulamos\u00bb en nuestro organismo a lo largo de la vida.\u00a0<\/span><\/p>\n<p><span style=\"font-family: 'trebuchet ms', geneva, sans-serif; font-size: 18pt;\">Podemos notar a este \u201cdrag\u00f3n\u201d en varios momentos, por ejemplo: cuando sobre-reaccionamos a una situaci\u00f3n con una respuesta emocional desproporcionada, con m\u00e1s energ\u00eda de lo que la situaci\u00f3n requer\u00eda;\u00a0 cuando tenemos momentos de vac\u00edo, ratos en los que no tenemos nada para hacer y nos sorprendemos r\u00e1pidamente tratando de entretenernos, de \u00absafar\u00bb de sensaciones inc\u00f3modas que empiezan a aparecer; cuando nos sentamos quietos a meditar y bastan unos segundos para que surja inquietud, nerviosismo, dispersi\u00f3n de la mente\u2026 <\/span><\/p>\n<p><span style=\"font-family: 'trebuchet ms', geneva, sans-serif; font-size: 18pt;\">Aun cuando no nos est\u00e9 pasando nada particularmente problem\u00e1tico, hay una energ\u00eda extra que empieza a moverse en el cuerpo y la mente, que a veces nos complica gener\u00e1ndonos s\u00edntomas y otras veces simplemente es algo basal, que no percibimos como un problema. Es como si no hubi\u00e9ramos podido desactivarnos del todo luego de algunas situaciones y quedara en nosotros a\u00fan cierta \u00abenerg\u00eda residual\u00bb. Estar tranquilos, en paz y enfocados, no suele ser algo tan f\u00e1cil&#8230;<\/span><\/p>\n<p><span style=\"font-family: 'trebuchet ms', geneva, sans-serif; font-size: 18pt;\">Podr\u00edamos decir que este \u201cestr\u00e9s acumulado\u201d es energ\u00eda emocional desregulada en el cuerpo. Las emociones en su aspecto m\u00e1s b\u00e1sico, fisiol\u00f3gico, son impulsos al movimiento corporal (<em>e-motion<\/em>) que nos preparan para reaccionar con determinadas conductas, seg\u00fan una percepci\u00f3n inicial r\u00e1pida de la situaci\u00f3n: el cuerpo se activa para responder, se tensa, se inquieta, se sonroja, se enciende, se repliega&#8230; seg\u00fan la emoci\u00f3n que sea: rabia, miedo, tristeza, deseo, etc. Luego de responder, la activaci\u00f3n se descarga y el cuerpo se des activa (salvo que la emoci\u00f3n se siga disparando por los est\u00edmulos a nuestro alrededor o por nuestros pensamientos). <\/span><\/p>\n<p><span style=\"font-family: 'trebuchet ms', geneva, sans-serif; font-size: 18pt;\"><span style=\"color: #33cccc;\"><strong>Ese proceso de activarse y desactivarse emocionalmente (que involucra mecanismos cerebrales de procesamiento de la informaci\u00f3n y la memoria) no siempre es tan fluido y muchas veces tenemos la experiencia de quedar con cierta energ\u00eda residual en el cuerpo, pasada la situaci\u00f3n que la dispar\u00f3. Quedamos con emociones que no terminamos de procesar, cargamos a\u00fan en el cuerpo con la energ\u00eda para responder a situaciones que ya pasaron y esa activaci\u00f3n suele predisponernos en las situaciones nuevas.<\/strong><\/span> A veces nos damos cuenta de esto, otras veces no, pero ello igual est\u00e1 ah\u00ed, como una energ\u00eda extra que activa el cuerpo. Por ejemplo: llegamos a casa a la noche y seguimos con los hombros tensos luego de responder a las exigencias de un d\u00eda de trabajo; nos quedamos con inquietud en las tripas o con el pecho oprimido luego de una discusi\u00f3n que tuvimos ayer con un amigo; tenemos una tendencia a ponernos muy nerviosos y desconfiados ante determinadas situaciones que no parecen peligrosas porque en nuestra infancia vivimos experiencias traum\u00e1ticas en situaciones similares, etc.<\/span><\/p>\n<p><span style=\"font-family: 'trebuchet ms', geneva, sans-serif; font-size: 18pt;\"><span style=\"color: #33cccc;\"><strong>Todos cargamos algo de estr\u00e9s acumulado en mayor o menor medida, de nuestra vida cotidiana y de nuestra historia.<\/strong><\/span> En determinadas condiciones, si la carga de estr\u00e9s es alta, puede terminar afectando el funcionamiento de nuestro cuerpo y contribuir al desarrollo de algunas enfermedades.\u00a0<\/span><\/p>\n<p><span style=\"font-family: 'trebuchet ms', geneva, sans-serif; font-size: 18pt;\"><span style=\"color: #33cccc;\"><strong>La figura m\u00edtica del drag\u00f3n es una met\u00e1fora para referirnos a esta energ\u00eda residual en el cuerpo<\/strong><\/span>. Todos tenemos que lidiar con \u201cnuestro drag\u00f3n\u201d. Y, si queremos vivir mejor, necesitamos incluso aprender a \u00abrelacionarnos bien con \u00e9l\u201d, y hasta a \u201camigarnos con \u00e9l\u201d (como muestra la ilustraci\u00f3n). Solo as\u00ed podremos tomar esa energ\u00eda desordenada y re-encauzarla hacia nuestros prop\u00f3sitos.<\/span><\/p>\n<p><span style=\"font-family: 'trebuchet ms', geneva, sans-serif; font-size: 18pt;\">Dicho de otra forma, cuando aprendemos a regular mejor nuestras emociones, \u00e9stas nos informan, nos ayudan a orientarnos, y no son una interferencia en nuestra vida: el miedo no nos paraliza, la ansiedad no nos domina, la ira no nos toma por completo, el deseo no nos controla, la tristeza no nos hunde en depresi\u00f3n\u2026 Cuando la energ\u00eda emocional en nuestro cuerpo funciona en una intensidad adecuada, las emociones son el motor de nuestra vida, le dan impulso, color, sabor, pero no son un freno que nos complica. Podemos activarnos y des activarnos con relativa fluidez, sin quedarnos con energ\u00eda residual en el sistema.<\/span><\/p>\n<p><span style=\"font-family: 'trebuchet ms', geneva, sans-serif; font-size: 18pt;\">Pero\u2026 \u00bfc\u00f3mo regulamos nuestras emociones? Un aspecto importante para hacerlo es la capacidad de \u201cestar presentes\u201d con ellas (<em>mindfulness<\/em>), es decir, de sentir lo que estamos sintiendo. Suena simple y de hecho, lo es, pero no es tan f\u00e1cil como parece\u2026 Muchas m\u00e1s veces de las que nos damos cuenta, estamos tratando de sentir algo diferente a lo que sentimos y evitando sensaciones que nos resultan inc\u00f3modas.<\/span><\/p>\n<p><span style=\"font-family: 'trebuchet ms', geneva, sans-serif; font-size: 18pt;\">Aunque \u00abestar presentes\u00bb en nuestro cuerpo sintiendo lo que estamos sintiendo parezca algo f\u00e1cil, como muestran las historias de la mitolog\u00eda, estar frente a un drag\u00f3n no suele ser cosa sencilla\u2026 \u00a0Sin darnos cuenta, solemos andar evitando sentir sensaciones inc\u00f3modas y esa evitaci\u00f3n generalmente nos mete en m\u00e1s problemas. Hacemos muchas cosas para evitar sentir incomodidad, que terminan por complicarnos m\u00e1s. \u00a0Por ejemplo:<\/span><\/p>\n<ul>\n<li><span style=\"font-family: 'trebuchet ms', geneva, sans-serif; font-size: 18pt;\">Para evitar sentir verg\u00fcenza puedo aislarme de las situaciones sociales y terminar sinti\u00e9ndome solo y rechazado\u2026<\/span><\/li>\n<li><span style=\"font-family: 'trebuchet ms', geneva, sans-serif; font-size: 18pt;\">Para evitar sentir enojo, puedo complacer en exceso a los dem\u00e1s, no poner l\u00edmites saludables y terminar sinti\u00e9ndome frustrado y deprimido\u2026<\/span><\/li>\n<li><span style=\"font-family: 'trebuchet ms', geneva, sans-serif; font-size: 18pt;\">Para evitar sentirme triste puedo llenarme de actividades y preocupaciones y terminar sinti\u00e9ndome ansioso y abrumado&#8230;<\/span><\/li>\n<li><span style=\"font-family: 'trebuchet ms', geneva, sans-serif; font-size: 18pt;\">Para evitar sentir miedo puedo intentar controlar todo y terminar estresado y tenso\u2026<\/span><\/li>\n<li><span style=\"font-family: 'trebuchet ms', geneva, sans-serif; font-size: 18pt;\">Para evitar sentir incertidumbre puedo embarcarme en la duda obsesiva y la b\u00fasqueda de certezas a trav\u00e9s de rituales y mecanismos compulsivos&#8230;<\/span><\/li>\n<li><span style=\"font-family: 'trebuchet ms', geneva, sans-serif; font-size: 18pt;\">Para evitar sentir la sensaci\u00f3n de vac\u00edo y falta de sentido, puedo embarcarme en conductas adictivas que me exalten, me nublen y me distraigan de esa sensaci\u00f3n&#8230;<\/span><\/li>\n<li><span style=\"font-family: 'trebuchet ms', geneva, sans-serif; font-size: 18pt;\">Etc\u2026<\/span><\/li>\n<\/ul>\n<p><span style=\"font-size: 18pt;\"><span style=\"font-family: 'trebuchet ms', geneva, sans-serif;\">Podr\u00edamos decir que <span style=\"color: #33cccc;\"><strong>en la mayor\u00eda de los problemas m\u00e1s comunes de salud mental (ansiedad, depresi\u00f3n, p\u00e1nico, adicciones, problemas en las relaciones, etc.), se halla esta tendencia a evitar sentir algo mediante mecanismos que nos terminan complicando m\u00e1s<\/strong><\/span>. Por ello, vale la pena aprender a sentir lo que sentimos, vale la pena aprender a estar presentes con las sensaciones de nuestro cuerpo, aprender a lidiar con nuestro \u00abdrag\u00f3n\u00bb. <\/span><span style=\"font-family: 'trebuchet ms', geneva, sans-serif;\">En general, aquellas sensaciones inc\u00f3modas que evitamos, resultan ser la puerta de salida de estos bucles en los que nos hemos metido sin percatarnos. Como dec\u00eda Jung: <em>\u201cLo que resistes, persiste. Lo que aceptas te transforma\u201d<\/em>. <\/span><span style=\"font-family: 'trebuchet ms', geneva, sans-serif;\">Una parte central de la psicoterapia es ayudarnos a desarmar estos bucles.<\/span><\/span><\/p>\n<p><span style=\"font-family: 'trebuchet ms', geneva, sans-serif; font-size: 18pt;\"> Aproximarnos a sentir la incomodidad en vez de evitarla, suele ser algo desafiante, requiere de una gu\u00eda apropiada y ciertamente de coraje. Como cuentan las leyendas cl\u00e1sicas, en su viaje m\u00edtico el h\u00e9roe tarde o temprano debe enfrentar al drag\u00f3n, y de esa batalla saldr\u00e1 fortalecido y transformado. Pero, para ello cuenta con la ayuda de otros, que le proveen armas, estrategia, orientaci\u00f3n, apoyo, consuelo&#8230; El proceso terap\u00e9utico se parece bastante al viaje del h\u00e9roe mitol\u00f3gico.<\/span><\/p>\n<p><span style=\"font-family: 'trebuchet ms', geneva, sans-serif; font-size: 18pt;\">El camino de sanaci\u00f3n que ofrecen las terapias actuales que integran la sabidur\u00eda milenaria de la meditaci\u00f3n con los conocimientos de la Neurociencia sobre el funcionamiento del cerebro, la memoria y las emociones, propone una manera especial de hacer esto. Sabemos hoy que la catarsis que inunda a la persona de sensaciones abrumadoras no es efectiva para aumentar la regulaci\u00f3n emocional y reconsolidar las memorias a nivel cerebral, como tampoco lo es una terapia puramente reflexiva que no acceda a la experiencia emocional y som\u00e1tica. Una batalla prematura con el drag\u00f3n no es saludable, as\u00ed como tampoco quedarnos hablando sobre \u00e9l, sin tocarlo directamente.\u00a0 <span style=\"color: #33cccc;\"><strong>Las terapias actuales alientan un acercamiento a \u201cnuestro drag\u00f3n\u201d de manera dosificada, segura, que nos brinde poco a poco experiencias sentidas de triunfo y de empoderamiento<\/strong><\/span>.<\/span><\/p>\n<p><a href=\"http:\/\/herramientasparalasalud.com\/wp-content\/uploads\/2025\/02\/imagen-web-terapia-trauma-y-estres-4.png\"><img loading=\"lazy\" decoding=\"async\" class=\"aligncenter wp-image-2597 size-large\" src=\"http:\/\/herramientasparalasalud.com\/wp-content\/uploads\/2025\/02\/imagen-web-terapia-trauma-y-estres-4-1024x314.png\" alt=\"\" width=\"1024\" height=\"314\" srcset=\"https:\/\/herramientasparalasalud.com\/wp-content\/uploads\/2025\/02\/imagen-web-terapia-trauma-y-estres-4-1024x314.png 1024w, https:\/\/herramientasparalasalud.com\/wp-content\/uploads\/2025\/02\/imagen-web-terapia-trauma-y-estres-4-300x92.png 300w, https:\/\/herramientasparalasalud.com\/wp-content\/uploads\/2025\/02\/imagen-web-terapia-trauma-y-estres-4-768x236.png 768w, https:\/\/herramientasparalasalud.com\/wp-content\/uploads\/2025\/02\/imagen-web-terapia-trauma-y-estres-4.png 1055w\" sizes=\"(max-width: 1024px) 100vw, 1024px\" \/><\/a><\/p>\n<p><span style=\"font-family: 'trebuchet ms', geneva, sans-serif; font-size: 18pt;\">Cuando permanezco sintiendo las sensaciones de mi cuerpo sin escaparme, me conozco m\u00e1s a m\u00ed mismo, me doy cuenta de lo que me pasa. Cuando miro con profundidad mis emociones, ese \u00abdrag\u00f3n\u00bb temible me muestra detr\u00e1s a mi ni\u00f1o interior herido, y si sigo mirando puedo descubrir mis necesidades b\u00e1sicas, mis dilemas existenciales, mis valores&#8230; Y esa mayor conciencia me permite actuar para satisfacer estas necesidades adecuadamente, para encontrar la manera de vivir una vida con sentido.\u00a0<\/span><\/p>\n<p><span style=\"font-family: 'trebuchet ms', geneva, sans-serif; font-size: 18pt;\">En toda terapia tendremos que sentir eso que estamos evitando sentir si queremos avanzar, pero lo haremos de una manera especial, cultivando ciertas actitudes y fortaleciendo nuestra tolerancia.<\/span><\/p>\n<ul style=\"list-style-type: circle;\">\n<li><span style=\"font-family: 'trebuchet ms', geneva, sans-serif; font-size: 18pt;\">Aprendo a regular mis emociones cuando puedo acompa\u00f1arme a m\u00ed mismo con la misma actitud con la que necesito ser acompa\u00f1ado por otros, cuando puedo reconfortarme, alentarme, consolarme y brindarme apoyo, sin evitar la incomodidad, pero sin generarme m\u00e1s sufrimiento adicional con una actitud autocr\u00edtica. Es decir, cuando puedo cultivar una actitud compasiva hacia m\u00ed mismo, cuando puedo encontrar all\u00ed en el medio de mi sufrimiento, en mi \u00abbatalla con el drag\u00f3n\u00bb, eso que me une a la humanidad a la que pertenezco, y dejar de sentirme raro, defectuoso o insuficiente.<\/span><\/li>\n<li><span style=\"font-family: 'trebuchet ms', geneva, sans-serif; font-size: 18pt;\">Aprendo a regular mis emociones cuando aprendo a permanecer en contacto con mi cuerpo, con mi experiencia sentida aqu\u00ed y ahora, sintiendo lo que es inc\u00f3modo, sin perder de vista lo que es neutro o c\u00f3modo, o sea, teniendo una atenci\u00f3n abierta, plena, sobre mi experiencia, que me permite despu\u00e9s ponerle palabras, tomar perspectiva y lograr mayor entendimiento.\u00a0<\/span><\/li>\n<li><span style=\"font-family: 'trebuchet ms', geneva, sans-serif; font-size: 18pt;\">Aprendo a regular mis emociones cuando integro actividades en mi vida cotidiana que me permiten encauzar esta energ\u00eda emocional. <span style=\"color: #33cccc;\"><strong>Como el personaje de Hiccup en la saga de Pixar \u00abC\u00f3mo entrenar a tu drag\u00f3n\u00bb, tenemos que aprender tambi\u00e9n a usar esta energ\u00eda residual del drag\u00f3n, y para ello, son muy importantes las actividades que hagamos con el cuerpo. Las psicoterapias actuales centradas en mejorar la regulaci\u00f3n emocional, abordan tambi\u00e9n aspectos de nuestro estilo de vida. <\/strong><span style=\"color: #000000;\">El ejercicio f\u00edsico, las actividades creativas, el respeto por los ciclos de actividad y descanso, la conexi\u00f3n emocional con personas significativas (el aspecto m\u00e1s importante para regular nuestras emociones, pero tambi\u00e9n donde m\u00e1s complica el estr\u00e9s acumulado)<\/span><\/span><span style=\"color: #000000;\">.<\/span><\/span><\/li>\n<\/ul>\n<p><a href=\"http:\/\/herramientasparalasalud.com\/wp-content\/uploads\/2022\/08\/httyd1_viking_hiccup_flies_with_toothless_gallery.jpeg\"><img loading=\"lazy\" decoding=\"async\" class=\"aligncenter wp-image-2640 size-large\" src=\"http:\/\/herramientasparalasalud.com\/wp-content\/uploads\/2022\/08\/httyd1_viking_hiccup_flies_with_toothless_gallery-1024x577.jpeg\" alt=\"\" width=\"1024\" height=\"577\" srcset=\"https:\/\/herramientasparalasalud.com\/wp-content\/uploads\/2022\/08\/httyd1_viking_hiccup_flies_with_toothless_gallery-1024x577.jpeg 1024w, https:\/\/herramientasparalasalud.com\/wp-content\/uploads\/2022\/08\/httyd1_viking_hiccup_flies_with_toothless_gallery-300x169.jpeg 300w, https:\/\/herramientasparalasalud.com\/wp-content\/uploads\/2022\/08\/httyd1_viking_hiccup_flies_with_toothless_gallery-768x433.jpeg 768w, https:\/\/herramientasparalasalud.com\/wp-content\/uploads\/2022\/08\/httyd1_viking_hiccup_flies_with_toothless_gallery.jpeg 1095w\" sizes=\"(max-width: 1024px) 100vw, 1024px\" \/><\/a><\/p>\n<p><span style=\"font-family: 'trebuchet ms', geneva, sans-serif; font-size: 18pt;\">De este modo, poco a poco, haciendo mi propio viaje del h\u00e9roe, ese \u201cdrag\u00f3n\u201d, esa sensaci\u00f3n inc\u00f3moda que s\u00f3lo quer\u00eda sacarme de encima a toda costa, esa energ\u00eda molesta en el cuerpo, termina volvi\u00e9ndose un aliado, un s\u00edmbolo de mi propia fortaleza y resiliencia.\u00a0<\/span><\/p>\n<p>&nbsp;<\/p>\n<p>&nbsp;<\/p>\n<p style=\"text-align: right;\"><span style=\"font-family: 'trebuchet ms', geneva, sans-serif; font-size: 18pt;\"><a href=\"http:\/\/herramientasparalasalud.com\/wp-content\/uploads\/2022\/07\/20220713_154053-scaled.jpg\"><img loading=\"lazy\" decoding=\"async\" class=\"alignright wp-image-2186 size-thumbnail\" src=\"http:\/\/herramientasparalasalud.com\/wp-content\/uploads\/2022\/07\/20220713_154053-150x150.jpg\" alt=\"\" width=\"150\" height=\"150\" \/><\/a><strong>Lic. Ps. Carlos Cabrera<\/strong><\/span><\/p>\n<p style=\"text-align: right;\"><strong><span style=\"font-family: 'trebuchet ms', geneva, sans-serif; font-size: 18pt;\">@herramientasparalasalud<\/span><\/strong><\/p>\n","protected":false},"excerpt":{"rendered":"<p>Esta bella ilustraci\u00f3n de Molly Gur que adorna una pared de mi consultorio, muestra un aspecto central del proceso terap\u00e9utico desde este enfoque. En Somatic Experiencing (terapia del estr\u00e9s pos-traum\u00e1tico desarrollada por Peter Levine) hablamos metaf\u00f3ricamente de nuestro \u201cdrag\u00f3n\u201d como aquella energ\u00eda de supervivencia o activaci\u00f3n nerviosa que, podr\u00edamos decir, [&hellip;]<\/p>\n","protected":false},"author":1,"featured_media":2503,"comment_status":"closed","ping_status":"closed","sticky":false,"template":"","format":"standard","meta":{"footnotes":""},"categories":[2],"tags":[],"class_list":["post-2229","post","type-post","status-publish","format-standard","has-post-thumbnail","hentry","category-publicaciones"],"_links":{"self":[{"href":"https:\/\/herramientasparalasalud.com\/home\/wp-json\/wp\/v2\/posts\/2229"}],"collection":[{"href":"https:\/\/herramientasparalasalud.com\/home\/wp-json\/wp\/v2\/posts"}],"about":[{"href":"https:\/\/herramientasparalasalud.com\/home\/wp-json\/wp\/v2\/types\/post"}],"author":[{"embeddable":true,"href":"https:\/\/herramientasparalasalud.com\/home\/wp-json\/wp\/v2\/users\/1"}],"replies":[{"embeddable":true,"href":"https:\/\/herramientasparalasalud.com\/home\/wp-json\/wp\/v2\/comments?post=2229"}],"version-history":[{"count":25,"href":"https:\/\/herramientasparalasalud.com\/home\/wp-json\/wp\/v2\/posts\/2229\/revisions"}],"predecessor-version":[{"id":2643,"href":"https:\/\/herramientasparalasalud.com\/home\/wp-json\/wp\/v2\/posts\/2229\/revisions\/2643"}],"wp:featuredmedia":[{"embeddable":true,"href":"https:\/\/herramientasparalasalud.com\/home\/wp-json\/wp\/v2\/media\/2503"}],"wp:attachment":[{"href":"https:\/\/herramientasparalasalud.com\/home\/wp-json\/wp\/v2\/media?parent=2229"}],"wp:term":[{"taxonomy":"category","embeddable":true,"href":"https:\/\/herramientasparalasalud.com\/home\/wp-json\/wp\/v2\/categories?post=2229"},{"taxonomy":"post_tag","embeddable":true,"href":"https:\/\/herramientasparalasalud.com\/home\/wp-json\/wp\/v2\/tags?post=2229"}],"curies":[{"name":"wp","href":"https:\/\/api.w.org\/{rel}","templated":true}]}}