{"id":203,"date":"2018-01-30T15:38:20","date_gmt":"2018-01-30T18:38:20","guid":{"rendered":"https:\/\/herramientasparalasalud.com\/home\/?p=203"},"modified":"2025-02-16T17:24:24","modified_gmt":"2025-02-16T20:24:24","slug":"probando-entrada-2","status":"publish","type":"post","link":"https:\/\/herramientasparalasalud.com\/home\/probando-entrada-2\/","title":{"rendered":"Art\u00edculo: \u00bfQu\u00e9 es un trauma?"},"content":{"rendered":"<p style=\"text-align: right;\"><span style=\"font-family: 'trebuchet ms', geneva, sans-serif; font-size: 14pt;\"><em>\u201cHe llegado a la conclusi\u00f3n de que los seres humanos nacen con una capacidad innata para triunfar sobre el trauma. No solo creo que el trauma es curable, sino que el proceso curativo puede ser un catalizador para un profundo despertar \u2013 un portal que se abre hacia una genuina transformaci\u00f3n espiritual.\u201d<\/em><\/span><\/p>\n<p style=\"text-align: right;\"><span style=\"font-family: 'trebuchet ms', geneva, sans-serif; font-size: 14pt;\"><strong>Dr. Peter Levine<\/strong><\/span><\/p>\n<p><span style=\"font-family: 'trebuchet ms', geneva, sans-serif; font-size: 14pt;\"><strong>\u00a0<\/strong><\/span><\/p>\n<p><span style=\"font-family: 'trebuchet ms', geneva, sans-serif; font-size: 14pt;\"><a href=\"https:\/\/herramientasparalasalud.com\/wp-content\/uploads\/2016\/05\/boton2.png\"><img loading=\"lazy\" decoding=\"async\" class=\"size-medium wp-image-217 aligncenter\" src=\"https:\/\/herramientasparalasalud.com\/wp-content\/uploads\/2016\/05\/boton2-300x300.png\" alt=\"boton2\" width=\"300\" height=\"300\" srcset=\"https:\/\/herramientasparalasalud.com\/wp-content\/uploads\/2016\/05\/boton2-300x300.png 300w, https:\/\/herramientasparalasalud.com\/wp-content\/uploads\/2016\/05\/boton2-150x150.png 150w, https:\/\/herramientasparalasalud.com\/wp-content\/uploads\/2016\/05\/boton2.png 500w\" sizes=\"(max-width: 300px) 100vw, 300px\" \/><\/a><\/span><\/p>\n<p style=\"text-align: center;\"><span style=\"font-family: 'trebuchet ms', geneva, sans-serif; font-size: 14pt;\"><strong>\u00bf<\/strong><strong>Qu<\/strong><strong>\u00e9 es un trauma?<\/strong><\/span><\/p>\n<p><span style=\"font-family: 'trebuchet ms', geneva, sans-serif; font-size: 14pt;\">Durante toda la vida estamos afrontado diversas situaciones, resolviendo problemas, enfrentando desaf\u00edos. En la escuela, en la familia, en el trabajo, etc. Tenemos infinidad de recuerdos sobre infinidad de situaciones que hemos afrontado. Al traerlas a la memoria, viene a nuestra mente la historia, el relato de la situaci\u00f3n, y tambi\u00e9n algunas \u00a0sensaciones y sentimientos que nos despierta.<\/span><\/p>\n<p><span style=\"font-family: 'trebuchet ms', geneva, sans-serif; font-size: 14pt;\">Por ejemplo, podemos recordar el \u00faltimo examen que rendimos. Lo nerviosos que est\u00e1bamos, lo que nos preguntaron y c\u00f3mo despu\u00e9s fuimos atraves\u00e1ndolo y al final cuando salimos y nos dieron la nota&#8230; Al recordar esto, nos vienen im\u00e1genes de esa situaci\u00f3n y podemos experimentar en el cuerpo algunas sensaciones levemente similares a las que tuvimos en esos momentos. Al hacerlo, predomina en nosotros la sensaci\u00f3n general de estar \u00abaqu\u00ed y ahora\u00bb, recordando aquella situaci\u00f3n de \u00aball\u00e1 y entonces\u00bb.<\/span><\/p>\n<p><span style=\"font-family: 'trebuchet ms', geneva, sans-serif; font-size: 14pt;\">Hasta aqu\u00ed todo bien. Estamos recordando una situaci\u00f3n dif\u00edcil que afrontamos.<\/span><\/p>\n<p><span style=\"font-family: 'trebuchet ms', geneva, sans-serif; font-size: 14pt;\">Un <strong>trauma<\/strong> supone una situaci\u00f3n que <strong>supera nuestra capacidad para afrontarla<\/strong> en ese momento. En nuestro intento por afrontarla , se movilizan en nuestro organismo respuestas innatas de orientaci\u00f3n y defensa (lucha\/huida\/paralizaci\u00f3n), caracterizadas por una gran activaci\u00f3n fisiol\u00f3gica (<em>arousal<\/em>). Nuestro\u00a0cerebro prepara autom\u00e1ticamente a nuestro cuerpo para orientarse, luchar o huir de la situaci\u00f3n, disparando\u00a0una r\u00e1faga de energ\u00eda que lo predispone para estas acciones. Estas respuestas no pueden ser concluidas debido a la magnitud, intensidad y\/o rapidez de los est\u00edmulos a los que nos vemos sometidos. La situaci\u00f3n \u00abnos sobrepasa\u00bb.<\/span><\/p>\n<p><span style=\"font-family: 'trebuchet ms', geneva, sans-serif; font-size: 14pt;\">Debido a este\u00a0estado de gran activaci\u00f3n fisiol\u00f3gica, esta experiencia traum\u00e1tica no queda almacenada en nuestra memoria como un recuerdo normal,\u00a0\u00a0sino como una \u201cexperiencia no digerida\u201d. Luego de pasada la situaci\u00f3n, los recuerdos de la misma tienden a <strong>revivirse<\/strong> m\u00e1s que a recordarse y nuestro organismo mantiene un nivel de activaci\u00f3n fisiol\u00f3gica alto asociado a estos recuerdos. Tambi\u00e9n, las partes del recuerdo (im\u00e1genes, historia\/relato, sensaciones, \u00a0emociones) quedan almacenadas en la memoria de manera desorganizada. Esto genera una serie de s\u00edntomas f\u00edsicos y psicol\u00f3gicos conocidos como <strong>Trastorno por Estr\u00e9s Postraum\u00e1tico (TEPT)<\/strong>, caracterizado por:<\/span><\/p>\n<ul>\n<li><span style=\"font-family: 'trebuchet ms', geneva, sans-serif; font-size: 14pt;\">Irrumpen en nuestra mente\u00a0recuerdos (im\u00e1genes y sensaciones) de la situaci\u00f3n (flashbacks, recuerdos intrusivos)<\/span><\/li>\n<li><span style=\"font-family: 'trebuchet ms', geneva, sans-serif; font-size: 14pt;\">Empezamos a evitar \u00a0entrar en contacto con cualquier cosa que nos haga acuerdo de la experiencia traum\u00e1tica, para que las sensaciones e im\u00e1genes no nos aparezcan<\/span><\/li>\n<li><span style=\"font-family: 'trebuchet ms', geneva, sans-serif; font-size: 14pt;\">Las respuestas innatas de orientaci\u00f3n y defensa que el organismo se prepar\u00f3 para hacer en la situaci\u00f3n traum\u00e1tica y no pudo concluir contin\u00faan activas al nivel del Sistema Nervioso, generando variedad de s\u00edntomas f\u00edsicos y emocionales. Hay una \u00abcarga\u00bb dentro nuestro que no ha sido liberada y puede sentirse como nerviosismo, irritabilidad, sintomas f\u00edsicos (digestivos, dolor, etc.). Tambien, estados de embotamiento, de ausencia, de estar \u00abparalizados\u00bb.<\/span><\/li>\n<li><span style=\"font-family: 'trebuchet ms', geneva, sans-serif; font-size: 14pt;\">Estos\u00a0recuerdos \u201cno digeridos\u201d no pueden integrarse adecuadamente a la memoria. Entonces, tenemos la experiencia de que \u00abuna parte nuestra\u00bb vive como si la situaci\u00f3n todav\u00eda estuviera ocurriendo.<\/span><\/li>\n<\/ul>\n<p><span style=\"font-family: 'trebuchet ms', geneva, sans-serif; font-size: 14pt;\">Dado que las partes del recuerdo (im\u00e1genes, relato, sensaciones, sentimientos), quedan almacenadas en la memoria de forma desorganizada, muchas veces ni siquiera nos damos cuenta que lo que estamos experimentando es un recuerdo. \u00a0Por ejemplo, pueden aparecernos sensaciones inc\u00f3modas en el cuerpo, ansiedad, alerta, sentirse en peligro, etc. pero sin el relato, sin la historia. Entonces, no podemos darnos cuenta que nos estamos acordando de algo, esas sensaciones parecen no tener sentido o las atribuimos exclusivamente a situaciones del presente. \u00a0Esto es caracter\u00edstico de los trastornos de ansiedad y particularmente de los ataques de p\u00e1nico.<\/span><\/p>\n<p><span style=\"font-family: 'trebuchet ms', geneva, sans-serif; font-size: 14pt;\">El tratamiento del estr\u00e9s postraum\u00e1tico requiere de <strong>terapias especializadas<\/strong> que no s\u00f3lo trabajen al nivel de la historia, de la palabra, sino que incluyan al cuerpo. Porque justamente es a ese nivel donde el problema reside. El organismo guarda una gran activaci\u00f3n fisiol\u00f3gica que necesita ser adecuadamente descargada y las sensaciones f\u00edsicas (recuerdos) deben ser integradas adecuadamente a la memoria.<\/span><\/p>\n<p><span style=\"font-family: 'trebuchet ms', geneva, sans-serif; font-size: 14pt;\">Cuando hemos tenido experiencias traum\u00e1ticas, mantener en el tiempo el equilibrio de nuestro Sistema Nervioso (que alberga una\u00a0gran carga) requiere un gran esfuerzo. Para ello, \u00a0desarrollamos diferentes estrategias. Algunas de ellas pueden ser muy perjudiciales, tales como: \u00a0adicciones, compulsiones, fobias, sobrecargarnos de actividades, etc. Tambi\u00e9n, podemos pasar por per\u00edodos de agotamiento, que generalmente producen cuadros depresivos. Cuando los traumas han sido severos y\/o vividos a una edad temprana, generan una profunda desregulaci\u00f3n de nuestro Sistema Nervioso, dando origen a s\u00edndromes f\u00edsicos, tales como Fibromialgia, Sindrome de Migra\u00f1as, Colon Irritable, etc.<\/span><\/p>\n<p><span style=\"font-family: 'trebuchet ms', geneva, sans-serif; font-size: 14pt;\">Peter Levine, creador del m\u00e9todo <strong>Experiencia Som\u00e1tica,<\/strong>\u00a0dice que al curar un\u00a0trauma, recuperamos la energia que \u00a0venimos usando para mantenernos en equilibrio, a veces durante a\u00f1os. \u00a0Esa energ\u00eda queda disponible para nosotros, para vivir con mayor plenitud. Es el \u00abregalo\u00bb que el trauma tiene para darnos.<\/span><\/p>\n<p><span style=\"font-family: 'trebuchet ms', geneva, sans-serif; font-size: 14pt;\">Distintas situaciones pueden ser un trauma. Los llamados traumas con \u00abT\u00bb may\u00fascula son situaciones que implican una amenaza a nuestra integridad f\u00edsica y generalmente son traum\u00e1ticas para todos \u00a0(ataques f\u00edsicos, sexuales, accidentes, desastres naturales). Los traumas con \u00abt\u00bb min\u00fascula, son situaciones que resultan traum\u00e1ticas para esa persona en particular, pero no lo ser\u00edan para otras. Existen tambi\u00e9n \u00abtraumas de shock\u00bb, situaciones puntuales que nos superan y \u00abtraumas de desarrollo\u00bb, situaciones que se mantienen en el tiempo y tienen que ver con c\u00f3mo hemos sido criados (negligencia, abandono, maltrato infantil, ambiente de violencia, etc.).<\/span><\/p>\n<p><span style=\"font-family: 'trebuchet ms', geneva, sans-serif; font-size: 14pt;\">Los s\u00edntomas de estr\u00e9s postraum\u00e1tico pueden experimentarse tambi\u00e9n al ser testigos de un trauma que le ocurre a otro.\u00a0En este caso hablamos de <strong>Traumatizaci\u00f3n Secundaria<\/strong>. Tambi\u00e9n pueden experimentarse al estar en contacto con el relato, la congoja y el sufrimiento de las v\u00edctimas.\u00a0En este caso hablamos de <strong>Traumatizaci\u00f3n Vicaria,\u00a0<\/strong>caracter\u00edstico en personas que trabajan en asistencia a las v\u00edctimas.<\/span><\/p>\n<p><a href=\"http:\/\/herramientasparalasalud.com\/wp-content\/uploads\/2018\/01\/Trauma-Mindfulness-y-Compasion.png\"><img loading=\"lazy\" decoding=\"async\" class=\"size-full wp-image-2513 aligncenter\" src=\"http:\/\/herramientasparalasalud.com\/wp-content\/uploads\/2018\/01\/Trauma-Mindfulness-y-Compasion.png\" alt=\"\" width=\"960\" height=\"720\" srcset=\"https:\/\/herramientasparalasalud.com\/wp-content\/uploads\/2018\/01\/Trauma-Mindfulness-y-Compasion.png 960w, https:\/\/herramientasparalasalud.com\/wp-content\/uploads\/2018\/01\/Trauma-Mindfulness-y-Compasion-300x225.png 300w, https:\/\/herramientasparalasalud.com\/wp-content\/uploads\/2018\/01\/Trauma-Mindfulness-y-Compasion-768x576.png 768w\" sizes=\"(max-width: 960px) 100vw, 960px\" \/><\/a><\/p>\n","protected":false},"excerpt":{"rendered":"<p>\u201cHe llegado a la conclusi\u00f3n de que los seres humanos nacen con una capacidad innata para triunfar sobre el trauma. No solo creo que el trauma es curable, sino que el proceso curativo puede ser un catalizador para un profundo despertar \u2013 un portal que se abre hacia una genuina [&hellip;]<\/p>\n","protected":false},"author":2,"featured_media":361,"comment_status":"closed","ping_status":"closed","sticky":false,"template":"","format":"standard","meta":{"footnotes":""},"categories":[2],"tags":[],"class_list":["post-203","post","type-post","status-publish","format-standard","has-post-thumbnail","hentry","category-publicaciones"],"_links":{"self":[{"href":"https:\/\/herramientasparalasalud.com\/home\/wp-json\/wp\/v2\/posts\/203"}],"collection":[{"href":"https:\/\/herramientasparalasalud.com\/home\/wp-json\/wp\/v2\/posts"}],"about":[{"href":"https:\/\/herramientasparalasalud.com\/home\/wp-json\/wp\/v2\/types\/post"}],"author":[{"embeddable":true,"href":"https:\/\/herramientasparalasalud.com\/home\/wp-json\/wp\/v2\/users\/2"}],"replies":[{"embeddable":true,"href":"https:\/\/herramientasparalasalud.com\/home\/wp-json\/wp\/v2\/comments?post=203"}],"version-history":[{"count":12,"href":"https:\/\/herramientasparalasalud.com\/home\/wp-json\/wp\/v2\/posts\/203\/revisions"}],"predecessor-version":[{"id":2514,"href":"https:\/\/herramientasparalasalud.com\/home\/wp-json\/wp\/v2\/posts\/203\/revisions\/2514"}],"wp:featuredmedia":[{"embeddable":true,"href":"https:\/\/herramientasparalasalud.com\/home\/wp-json\/wp\/v2\/media\/361"}],"wp:attachment":[{"href":"https:\/\/herramientasparalasalud.com\/home\/wp-json\/wp\/v2\/media?parent=203"}],"wp:term":[{"taxonomy":"category","embeddable":true,"href":"https:\/\/herramientasparalasalud.com\/home\/wp-json\/wp\/v2\/categories?post=203"},{"taxonomy":"post_tag","embeddable":true,"href":"https:\/\/herramientasparalasalud.com\/home\/wp-json\/wp\/v2\/tags?post=203"}],"curies":[{"name":"wp","href":"https:\/\/api.w.org\/{rel}","templated":true}]}}